{"id":13,"date":"2014-01-21T10:20:37","date_gmt":"2014-01-21T10:20:37","guid":{"rendered":"http:\/\/www.nauticadecor.com\/blog\/?p=13"},"modified":"2024-05-13T18:14:22","modified_gmt":"2024-05-13T16:14:22","slug":"exposicion-patin-a-vela","status":"publish","type":"post","link":"https:\/\/www.nauticadecor.com\/blog\/exposicion-patin-a-vela\/","title":{"rendered":"Exposici\u00f3n del Patin a vela al MMB"},"content":{"rendered":"<p>[vc_row][vc_column][vc_column_text]<a href=\"https:\/\/www.nauticadecor.com\/blog\/wp-content\/uploads\/2014\/01\/patins-vela-mmb.jpg\"><img loading=\"lazy\" decoding=\"async\" class=\"alignleft size-full wp-image-53\" style=\"margin: 10px;\" src=\"https:\/\/www.nauticadecor.com\/blog\/wp-content\/uploads\/2014\/01\/patins-vela-mmb.jpg\" alt=\"patins-vela-mmb\" width=\"257\" height=\"343\" srcset=\"https:\/\/www.nauticadecor.com\/blog\/wp-content\/uploads\/2014\/01\/patins-vela-mmb.jpg 257w, https:\/\/www.nauticadecor.com\/blog\/wp-content\/uploads\/2014\/01\/patins-vela-mmb-224x300.jpg 224w, https:\/\/www.nauticadecor.com\/blog\/wp-content\/uploads\/2014\/01\/patins-vela-mmb-160x213.jpg 160w\" sizes=\"auto, (max-width: 257px) 100vw, 257px\" \/><\/a>En el Museo Mar\u00edtimo de Barcelona se celebra hasta el pr\u00f3ximo d\u00eda 9 de Marzo del 2014 una exposici\u00f3n sobre el Pat\u00edn a vela.<!--more--><\/p>\n<p>Exposici\u00f3n compuesta por fotograf\u00edas y paneles que explican la historia del pat\u00edn catal\u00e1n o pat\u00edn de vela desde sus or\u00edgenes hasta la actualidad, recalando en su evoluci\u00f3n a lo largo de los a\u00f1os. Desde su creaci\u00f3n, el pat\u00edn de vela ha ido tomando m\u00e1s relevancia en nuestras playas. Hoy en d\u00eda, la que empez\u00f3 siendo una embarcaci\u00f3n rudimentaria se ha convertido en un catamar\u00e1n econ\u00f3mico con muchas ventajas respecto al resto de embarcaciones a vela. Su caracter\u00edstica principal es no tener tim\u00f3n ni orza-pieza que ayuda a mantener la estabilidad de la embarcaci\u00f3n, que son elementos imprescindibles para la navegaci\u00f3n. Esto hace que el pat\u00edn sea una embarcaci\u00f3n ideal para navegar por la costa.<\/p>\n<p>En la muestra se exponen tambi\u00e9n cuatro patines de vela y otros elementos de las colecciones del Museo Mar\u00edtimo de Barcelona, as\u00ed como una grabaci\u00f3n con im\u00e1genes de 1945 cedidas por la Filmoteca Espa\u00f1ola.<\/p>\n<p>Para m\u00e1s informaci\u00f3n:\u00a0<a title=\"Museu Maritim de Barcelona\" href=\"https:\/\/www.mmb.cat\/\" target=\"_blank\" rel=\"noopener\">www.mmb.cat<\/a>[\/vc_column_text][\/vc_column][\/vc_row]<\/p>\n","protected":false},"excerpt":{"rendered":"<p><a href=\"http:\/\/www.nauticadecor.com\/blog\/wp-content\/uploads\/2014\/01\/patins-vela-mmb.jpg\"><img loading=\"lazy\" decoding=\"async\" class=\"alignleft size-full wp-image-53\" style=\"margin: 10px;\" alt=\"patins-vela-mmb\" src=\"http:\/\/www.nauticadecor.com\/blog\/wp-content\/uploads\/2014\/01\/patins-vela-mmb.jpg\" width=\"257\" height=\"343\" srcset=\"https:\/\/www.nauticadecor.com\/blog\/wp-content\/uploads\/2014\/01\/patins-vela-mmb.jpg 257w, https:\/\/www.nauticadecor.com\/blog\/wp-content\/uploads\/2014\/01\/patins-vela-mmb-224x300.jpg 224w, https:\/\/www.nauticadecor.com\/blog\/wp-content\/uploads\/2014\/01\/patins-vela-mmb-160x213.jpg 160w\" sizes=\"auto, (max-width: 257px) 100vw, 257px\" \/><\/a>En el Museo Mar\u00edtimo de Barcelona se celebra hasta el pr\u00f3ximo d\u00eda 9 de Marzo del 2014 una exposici\u00f3n sobre el Pat\u00edn a vela. Exposici\u00f3n compuesta por fotograf\u00edas y paneles que explican la historia del pat\u00edn catal\u00e1n o pat\u00edn de vela desde sus or\u00edgenes hasta la actualidad, recalando en su evoluci\u00f3n a lo largo de los a\u00f1os. Desde su creaci\u00f3n, el pat\u00edn de vela ha ido tomando m\u00e1s relevancia en nuestras playas.\u00a0<\/p>\n","protected":false},"author":1,"featured_media":0,"comment_status":"open","ping_status":"open","sticky":false,"template":"","format":"standard","meta":{"footnotes":""},"categories":[11,47,10],"tags":[],"class_list":["post-13","post","type-post","status-publish","format-standard","hentry","category-exposiciones","category-maquetas-barcos","category-museo-maritimo"],"_links":{"self":[{"href":"https:\/\/www.nauticadecor.com\/blog\/wp-json\/wp\/v2\/posts\/13","targetHints":{"allow":["GET"]}}],"collection":[{"href":"https:\/\/www.nauticadecor.com\/blog\/wp-json\/wp\/v2\/posts"}],"about":[{"href":"https:\/\/www.nauticadecor.com\/blog\/wp-json\/wp\/v2\/types\/post"}],"author":[{"embeddable":true,"href":"https:\/\/www.nauticadecor.com\/blog\/wp-json\/wp\/v2\/users\/1"}],"replies":[{"embeddable":true,"href":"https:\/\/www.nauticadecor.com\/blog\/wp-json\/wp\/v2\/comments?post=13"}],"version-history":[{"count":9,"href":"https:\/\/www.nauticadecor.com\/blog\/wp-json\/wp\/v2\/posts\/13\/revisions"}],"predecessor-version":[{"id":1593,"href":"https:\/\/www.nauticadecor.com\/blog\/wp-json\/wp\/v2\/posts\/13\/revisions\/1593"}],"wp:attachment":[{"href":"https:\/\/www.nauticadecor.com\/blog\/wp-json\/wp\/v2\/media?parent=13"}],"wp:term":[{"taxonomy":"category","embeddable":true,"href":"https:\/\/www.nauticadecor.com\/blog\/wp-json\/wp\/v2\/categories?post=13"},{"taxonomy":"post_tag","embeddable":true,"href":"https:\/\/www.nauticadecor.com\/blog\/wp-json\/wp\/v2\/tags?post=13"}],"curies":[{"name":"wp","href":"https:\/\/api.w.org\/{rel}","templated":true}]}}