{"id":738,"date":"2016-09-30T11:35:55","date_gmt":"2016-09-30T11:35:55","guid":{"rendered":"https:\/\/www.nauticadecor.com\/blog\/?p=738"},"modified":"2024-10-14T11:30:25","modified_gmt":"2024-10-14T09:30:25","slug":"el-55-salon-nautico-de-barcelona-preve-crecer-un-10-respecto-el-ano-anterior","status":"publish","type":"post","link":"https:\/\/www.nauticadecor.com\/blog\/el-55-salon-nautico-de-barcelona-preve-crecer-un-10-respecto-el-ano-anterior\/","title":{"rendered":"El 55 Sal\u00f3n N\u00e1utico de Barcelona prev\u00e9 crecer un 10% respecto el a\u00f1o anterior"},"content":{"rendered":"<p><img loading=\"lazy\" decoding=\"async\" class=\"alignleft size-medium wp-image-741\" src=\"https:\/\/www.nauticadecor.com\/blog\/wp-content\/uploads\/2016\/09\/banner_300x250_es-300x250.gif\" alt=\"salon nautico de barcelona\" width=\"300\" height=\"250\" srcset=\"https:\/\/www.nauticadecor.com\/blog\/wp-content\/uploads\/2016\/09\/banner_300x250_es-300x250.gif 300w, https:\/\/www.nauticadecor.com\/blog\/wp-content\/uploads\/2016\/09\/banner_300x250_es-260x217.gif 260w, https:\/\/www.nauticadecor.com\/blog\/wp-content\/uploads\/2016\/09\/banner_300x250_es-160x133.gif 160w\" sizes=\"auto, (max-width: 300px) 100vw, 300px\" \/>Se prev\u00e9 superar los 55.000 visitantes al Sal\u00f3n N\u00e1utico de Barcelona del 2015.<\/p>\n<p>El <a href=\"https:\/\/www.salonnautico.com\/es\/home\">Sal\u00f3n N\u00e1utico Internacional de Barcelona<\/a> crecer\u00e1 un 10% este a\u00f1o respecto al a\u00f1o anterior, y habr\u00e1n m\u00e1s de 670 embarcaciones expuestas en el Port Vell y con protagonismo de los barcos de mayor tama\u00f1o, ya que tendremos 165 (+30%) en el muelle flotante &#8211;correspondientes a barcos de m\u00e1s de ocho metros de eslora&#8211;, ha explicado rueda de prensa el director del Sal\u00f3n N\u00e1utico, Jordi Freixas.<\/p>\n<p>En la edici\u00f3n 55 habr\u00e1 m\u00e1s de 260 expositores en una superficie ed 54.000 metros cuadrados y los que visiten el Sal\u00f3n podr\u00e1n ver m\u00e1s de un centenar de novedades: m\u00e1s de 70 referente a embarcaciones y una treintena acerca de motores, electr\u00f3nica y accesorios.<\/p>\n<p>El Sal\u00f3n N\u00e1utico de Barcelona organizado como siempre por la Fira de Barcelona del 12 al 16 de Octubre del 2016 prev\u00e9 entre 55.000 y 57.000 visitantes nacionales e internacionales, igualando o superando la edici\u00f3n del a\u00f1o pasado: &#8220;Esperamos que el festivo del 12 de octubre nos ayude&#8221;, dijo Freixas.<\/p>\n<p>El presidente del Sal\u00f3n N\u00e1utico, Luis Conde, espera que &#8220;puede ser un muy buen Sal\u00f3n N\u00e1utico&#8221; porque el sector n\u00e1utico en Espa\u00f1a est\u00e1 creciendo &nbsp;actualmente (un 3,15% hasta agosto) y porque se exhibir\u00e1n novedades tecnol\u00f3gicas que hacen la n\u00e1utica mucho m\u00e1s sencilla.<\/p>\n<p>Ha mostrado el ejemplo de un nuevo sistema de atraque del barco autom\u00e1tica (equivalente a los nuevos sistemas existentes en los coches) y otro que evita la necesidad de fondear ya que mantiene el barco en posici\u00f3n sin necesidad de anclar el barco, lo que evita dos de las maniobras m\u00e1s complicadas: &#8220;Navegar ser\u00e1 m\u00e1s f\u00e1cil que ir en bicicleta; solo hay que poner la llave en el contacto del barco&#8221;.<\/p>\n<p>SITUACI\u00d3N POL\u00cdTICA<\/p>\n<p>De todas formas, Conde afirma que el crecimiento puede ser superior si se desbloquea la situaci\u00f3n pol\u00edtica actual en Espa\u00f1a: &#8220;Conf\u00edo en que los pol\u00edticos lleguen a alg\u00fan tipo de acuerdo, forzado o no, que genere estabilidad para las empresas que est\u00e1n esperando a ver qu\u00e9 pasa y genere un repunte&#8221;.<\/p>\n<p>De igual forma, el secretario general de la Asociaci\u00f3n Nacional de Empresas N\u00e1uticas (Anen), Carlos Sanlorenzo, tambi\u00e9n desea una salida a la situaci\u00f3n pol\u00edtica actual, mientras el sector n\u00e1utico ve como los consumidores regresan despu\u00e9s de la crisis y entran nuevos consumidores &#8220;con ganas de quedarse&#8221;.<\/p>\n<p>ACTIVIDADES DEL SAL\u00d3N N\u00c1UTICO<\/p>\n<p>Adem\u00e1s de la venta n\u00e1utica (este a\u00f1o con presencia de catamaranes), el Sal\u00f3n N\u00e1utico acoger\u00e1 m\u00e1s de 30 conferencias, un espacio donde diversas startup del sector n\u00e1utico &nbsp;presentar\u00e1n sus propuestas. Tambi\u00e9n se celebrar\u00e1 la noche de la n\u00e1utica, que &nbsp;exhibir\u00e1 una serie de nadadores escoltados por kayaks, desfiles de moda, m\u00fasica en vivo y degustaciones, entre otras iniciativas.<\/p>\n<p>En el espacio &#8216;Marina tradicional&#8217; sobre nuestro patrimonio hist\u00f3rico y cultural marino llega a su d\u00e9cima edici\u00f3n, mientras que ser\u00e1 la primera edici\u00f3n de unas jornadas dedicadas al emprendimiento que incluye un foro de inversi\u00f3n.<\/p>\n<p>MATRICULACIONES EN ESPA\u00d1A<\/p>\n<p>El sector n\u00e1utico en Espa\u00f1a ha registrado 4.095 matriculaciones desde Enero a Agosto, un 3,15% m\u00e1s que el mismo per\u00edodo del a\u00f1o anterior, con Catalunya, Andaluc\u00eda y Baleares como comunidades destacadas, mientras hay otras comunidades que decrecen.<\/p>\n<p>Catalunya es l\u00edder en Espa\u00f1a, con un 23% de cuota mercado y un crecimiento de las matriculaciones de barcos del 14% hasta Agosto, distanci\u00e1ndose m\u00e1s del resto de autonom\u00edas.<\/p>\n<p>El 90% de matriculaciones en Espa\u00f1a siguen estando en embarcaciones de menos de 8 metros de eslora (incluyendo motos de agua), pero est\u00e1n aumentando las ventas de m\u00e1s de 12 metros (4%), as\u00ed como el ch\u00e1rter n\u00e1utico, barcos dedicados al alquiler (13,4%), en un mercado con mayor inter\u00e9s por el motor que por la vela.<br \/>\n<iframe loading=\"lazy\" src=\"https:\/\/www.youtube.com\/embed\/yBsMnRVXIFA\" width=\"670\" height=\"377\" frameborder=\"0\" allowfullscreen=\"allowfullscreen\"><\/iframe><\/p>\n","protected":false},"excerpt":{"rendered":"<p><img loading=\"lazy\" decoding=\"async\" class=\"alignleft size-medium wp-image-741\" src=\"https:\/\/www.nauticadecor.com\/blog\/wp-content\/uploads\/2016\/09\/banner_300x250_es-300x250.gif\" alt=\"salon nautico de barcelona\" width=\"300\" height=\"250\" srcset=\"https:\/\/www.nauticadecor.com\/blog\/wp-content\/uploads\/2016\/09\/banner_300x250_es-300x250.gif 300w, https:\/\/www.nauticadecor.com\/blog\/wp-content\/uploads\/2016\/09\/banner_300x250_es-260x217.gif 260w, https:\/\/www.nauticadecor.com\/blog\/wp-content\/uploads\/2016\/09\/banner_300x250_es-160x133.gif 160w\" sizes=\"auto, (max-width: 300px) 100vw, 300px\" \/>Se prev\u00e9 superar los 55.000 visitantes al Sal\u00f3n N\u00e1utico de Barcelona del 2015. El Sal\u00f3n N\u00e1utico Internacional de Barcelona crecer\u00e1 un 10% este a\u00f1o respecto al a\u00f1o anterior, y habr\u00e1n m\u00e1s de 670 embarcaciones expuestas en el Port Vell y con protagonismo de los barcos de mayor tama\u00f1o, ya que tendremos 165 (+30%) en el muelle flotante &#8211;correspondientes a barcos de m\u00e1s de ocho metros de eslora&#8211;, ha explicado rueda de prensa el director del Sal\u00f3n N\u00e1utico, Jordi Freixas. En la edici\u00f3n 55 habr\u00e1 m\u00e1s de 260 expositores en una superficie ed 54.000 metros cuadrados y los que visiten el Sal\u00f3n podr\u00e1n ver m\u00e1s de un centenar de novedades: m\u00e1s de 70 referente a embarcaciones y una treintena acerca de motores, electr\u00f3nica y accesorios.<\/p>\n","protected":false},"author":1,"featured_media":0,"comment_status":"open","ping_status":"closed","sticky":false,"template":"","format":"standard","meta":{"footnotes":""},"categories":[54],"tags":[],"class_list":["post-738","post","type-post","status-publish","format-standard","hentry","category-salon-nautico"],"_links":{"self":[{"href":"https:\/\/www.nauticadecor.com\/blog\/wp-json\/wp\/v2\/posts\/738","targetHints":{"allow":["GET"]}}],"collection":[{"href":"https:\/\/www.nauticadecor.com\/blog\/wp-json\/wp\/v2\/posts"}],"about":[{"href":"https:\/\/www.nauticadecor.com\/blog\/wp-json\/wp\/v2\/types\/post"}],"author":[{"embeddable":true,"href":"https:\/\/www.nauticadecor.com\/blog\/wp-json\/wp\/v2\/users\/1"}],"replies":[{"embeddable":true,"href":"https:\/\/www.nauticadecor.com\/blog\/wp-json\/wp\/v2\/comments?post=738"}],"version-history":[{"count":5,"href":"https:\/\/www.nauticadecor.com\/blog\/wp-json\/wp\/v2\/posts\/738\/revisions"}],"predecessor-version":[{"id":1627,"href":"https:\/\/www.nauticadecor.com\/blog\/wp-json\/wp\/v2\/posts\/738\/revisions\/1627"}],"wp:attachment":[{"href":"https:\/\/www.nauticadecor.com\/blog\/wp-json\/wp\/v2\/media?parent=738"}],"wp:term":[{"taxonomy":"category","embeddable":true,"href":"https:\/\/www.nauticadecor.com\/blog\/wp-json\/wp\/v2\/categories?post=738"},{"taxonomy":"post_tag","embeddable":true,"href":"https:\/\/www.nauticadecor.com\/blog\/wp-json\/wp\/v2\/tags?post=738"}],"curies":[{"name":"wp","href":"https:\/\/api.w.org\/{rel}","templated":true}]}}